{"id":4576,"date":"2024-05-14T06:30:00","date_gmt":"2024-05-14T06:30:00","guid":{"rendered":"https:\/\/childrenofmedellin.com\/staging\/?p=4576"},"modified":"2024-06-14T15:53:11","modified_gmt":"2024-06-14T15:53:11","slug":"explotacion-infantil-en-medellin","status":"publish","type":"post","link":"https:\/\/childrenofmedellin.com\/staging\/explotacion-infantil-en-medellin\/?lang=es","title":{"rendered":"Estudio estudiantes Colegio Mayor de Antioquia"},"content":{"rendered":"\t\t<div data-elementor-type=\"wp-post\" data-elementor-id=\"4576\" class=\"elementor elementor-4576\" data-elementor-post-type=\"post\">\n\t\t\t\t\t\t<section class=\"elementor-section elementor-top-section elementor-element elementor-element-44dcbea1 elementor-section-boxed elementor-section-height-default elementor-section-height-default\" data-id=\"44dcbea1\" data-element_type=\"section\" data-e-type=\"section\">\n\t\t\t\t\t\t<div class=\"elementor-container elementor-column-gap-default\">\n\t\t\t\t\t<div class=\"elementor-column elementor-col-100 elementor-top-column elementor-element elementor-element-569cf040\" data-id=\"569cf040\" data-element_type=\"column\" data-e-type=\"column\">\n\t\t\t<div class=\"elementor-widget-wrap elementor-element-populated\">\n\t\t\t\t\t\t<div class=\"elementor-element elementor-element-624723b5 elementor-widget elementor-widget-text-editor\" data-id=\"624723b5\" data-element_type=\"widget\" data-e-type=\"widget\" data-widget_type=\"text-editor.default\">\n\t\t\t\t<div class=\"elementor-widget-container\">\n\t\t\t\t\t\t\t\t\t\n<p>Informe final sobre el diagn\u00f3stico de orientaci\u00f3n vocacional hacia la educaci\u00f3n superior en la instituci\u00f3n educativa Bello Oriente, hecho por estudiantes del Colegio Mayor de Antioquia.<\/p>\n\t\t\t\t\t\t\t\t<\/div>\n\t\t\t\t<\/div>\n\t\t\t\t<div class=\"elementor-element elementor-element-c4430fe elementor-widget elementor-widget-button\" data-id=\"c4430fe\" data-element_type=\"widget\" data-e-type=\"widget\" data-widget_type=\"button.default\">\n\t\t\t\t<div class=\"elementor-widget-container\">\n\t\t\t\t\t\t\t\t\t<div class=\"elementor-button-wrapper\">\n\t\t\t\t\t<a class=\"elementor-button elementor-button-link elementor-size-sm\" href=\"https:\/\/childrenofmedellin.com\/staging\/wp-content\/uploads\/2024\/06\/RESULTADOS-DIAGNOSTICO-VOCACIONAL-I.E.-BELLO-ORIENTE.pdf\" target=\"_blank\">\n\t\t\t\t\t\t<span class=\"elementor-button-content-wrapper\">\n\t\t\t\t\t\t\t\t\t<span class=\"elementor-button-text\">Leer mas<\/span>\n\t\t\t\t\t<\/span>\n\t\t\t\t\t<\/a>\n\t\t\t\t<\/div>\n\t\t\t\t\t\t\t\t<\/div>\n\t\t\t\t<\/div>\n\t\t\t\t\t<\/div>\n\t\t<\/div>\n\t\t\t\t\t<\/div>\n\t\t<\/section>\n\t\t\t\t<\/div>\n\t\t","protected":false},"excerpt":{"rendered":"<p>Informe final sobre el diagn\u00f3stico de orientaci\u00f3n vocacional hacia la educaci\u00f3n superior en la instituci\u00f3n educativa Bello Oriente, hecho por estudiantes del Colegio Mayor de Antioquia. Leer mas<\/p>\n","protected":false},"author":3,"featured_media":4210,"comment_status":"open","ping_status":"open","sticky":false,"template":"","format":"standard","meta":{"inline_featured_image":false,"footnotes":"","_links_to":"","_links_to_target":""},"categories":[34],"tags":[],"class_list":["post-4576","post","type-post","status-publish","format-standard","has-post-thumbnail","hentry","category-blog-es"],"_links":{"self":[{"href":"https:\/\/childrenofmedellin.com\/staging\/wp-json\/wp\/v2\/posts\/4576","targetHints":{"allow":["GET"]}}],"collection":[{"href":"https:\/\/childrenofmedellin.com\/staging\/wp-json\/wp\/v2\/posts"}],"about":[{"href":"https:\/\/childrenofmedellin.com\/staging\/wp-json\/wp\/v2\/types\/post"}],"author":[{"embeddable":true,"href":"https:\/\/childrenofmedellin.com\/staging\/wp-json\/wp\/v2\/users\/3"}],"replies":[{"embeddable":true,"href":"https:\/\/childrenofmedellin.com\/staging\/wp-json\/wp\/v2\/comments?post=4576"}],"version-history":[{"count":5,"href":"https:\/\/childrenofmedellin.com\/staging\/wp-json\/wp\/v2\/posts\/4576\/revisions"}],"predecessor-version":[{"id":4740,"href":"https:\/\/childrenofmedellin.com\/staging\/wp-json\/wp\/v2\/posts\/4576\/revisions\/4740"}],"wp:featuredmedia":[{"embeddable":true,"href":"https:\/\/childrenofmedellin.com\/staging\/wp-json\/wp\/v2\/media\/4210"}],"wp:attachment":[{"href":"https:\/\/childrenofmedellin.com\/staging\/wp-json\/wp\/v2\/media?parent=4576"}],"wp:term":[{"taxonomy":"category","embeddable":true,"href":"https:\/\/childrenofmedellin.com\/staging\/wp-json\/wp\/v2\/categories?post=4576"},{"taxonomy":"post_tag","embeddable":true,"href":"https:\/\/childrenofmedellin.com\/staging\/wp-json\/wp\/v2\/tags?post=4576"}],"curies":[{"name":"wp","href":"https:\/\/api.w.org\/{rel}","templated":true}]}}